{"id":378,"date":"2017-09-17T15:29:54","date_gmt":"2017-09-17T13:29:54","guid":{"rendered":"http:\/\/ses-lfz.ch\/sesnet\/?p=378"},"modified":"2017-09-17T21:52:04","modified_gmt":"2017-09-17T19:52:04","slug":"la-desindustrialisation-une-fatalite","status":"publish","type":"post","link":"http:\/\/ses-lfz.ch\/sesnet\/la-desindustrialisation-une-fatalite\/","title":{"rendered":"La d\u00e9sindustrialisation, une fatalit\u00e9 ?"},"content":{"rendered":"<p><strong>Extraits du 20H de France 2 du 14\/09\/2017<\/strong><\/p>\n<h4><strong>Vid\u00e9o 1 : Dreux : la d\u00e9sindustrialisation, une fatalit\u00e9 ?<\/strong><\/h4>\n<p><iframe loading=\"lazy\" width=\"656\" height=\"369\" src=\"https:\/\/www.youtube.com\/embed\/zMQpBP0ljYY?feature=oembed\" frameborder=\"0\" allowfullscreen><\/iframe><\/p>\n<p>L&rsquo;usine Philips de Dreux (Eure-et-Loir) c&rsquo;est plus de 30 hectares d&rsquo;ateliers. La derni\u00e8re en France o\u00f9 des t\u00e9l\u00e9viseurs \u00e9taient fabriqu\u00e9s. En 2010, c&rsquo;est la fermeture. La production est d\u00e9localis\u00e9e, pr\u00e8s de 700 emplois sont supprim\u00e9s. <em>\u00ab\u00a0Lorsque l&rsquo;on a commenc\u00e9 \u00e0 \u00eatre d\u00e9courag\u00e9, c&rsquo;est quand on a vu les Polonais venir; il fallait leur apprendre notre savoir-faire. On \u00e9tait un peu d\u00e9courag\u00e9 parce qu&rsquo;on savait bien qu&rsquo;un jour ou l&rsquo;autre ils allaient nous le retirer<\/em>\u00ab\u00a0, confie Monique Savidan, ancienne salari\u00e9e de Philips. En Pologne, dans la plus grande <a href=\"http:\/\/www.francetvinfo.fr\/economie\/emploi\/plans-sociaux\/whirlpool-les-salaries-soulages-a-l-annonce-de-la-reprise-du-site-d-amiens_2371097.html\" target=\"_blank\" rel=\"noopener\">usine<\/a> de t\u00e9l\u00e9viseurs d&rsquo;Europe, un appareil est assembl\u00e9 en 25 minutes. La main d&rsquo;oeuvre est nombreuse, peu qualifi\u00e9e, mais bon march\u00e9. Pour le directeur la production aurait \u00e9t\u00e9 beaucoup plus ch\u00e8re si l&rsquo;usine \u00e9tait rest\u00e9e \u00e0 Dreux.<\/p>\n<p class=\"subheader\"><strong>Haut de gamme<\/strong><\/p>\n<p>Sur l&rsquo;ancien site Philips, on ne fabrique plus de t\u00e9l\u00e9s, mais du th\u00e9. Une entreprise sp\u00e9cialis\u00e9e dans le haut de gamme s&rsquo;est install\u00e9e. Elle a m\u00eame embauch\u00e9 d&rsquo;anciens salari\u00e9s de Philips, aujourd&rsquo;hui tr\u00e8s loin du travail \u00e0 la chaine. 170 personnes travaillent dans cette entreprise. Sur place une autre soci\u00e9t\u00e9 a cr\u00e9\u00e9 beaucoup plus d&#8217;emplois. Un vaste centre d&rsquo;appels. 600 employ\u00e9s travaillent ici pour le compte de mutuelles et d&rsquo;assurances. \u00c0 Dreux, le bilan en terme d&#8217;emplois est donc tr\u00e8s positif. M\u00eame si le nombre de salari\u00e9s dans le domaine industriel a fortement diminu\u00e9.<\/p>\n<p>&nbsp;<\/p>\n<h4>Vid\u00e9o 2 : Emploi : les raisons du d\u00e9clin de l&rsquo;industrie fran\u00e7aise<\/h4>\n<p><iframe loading=\"lazy\" width=\"656\" height=\"369\" src=\"https:\/\/www.youtube.com\/embed\/kDhxyD-nj6o?feature=oembed\" frameborder=\"0\" allowfullscreen><\/iframe><\/p>\n<h4>Sur le plateau du journal de 20 heures journaliste Fran\u00e7ois Lenglet revient sur le d\u00e9clin de l&rsquo;industrie fran\u00e7aise, en baisse vertigineuse depuis plus de quarante ans.<\/h4>\n<p>Les chiffres de l&#8217;emploi indiquent le <a href=\"http:\/\/www.francetvinfo.fr\/economie\/emploi\/plans-sociaux\/whirlpool-les-salaries-soulages-a-l-annonce-de-la-reprise-du-site-d-amiens_2371097.html\" target=\"_blank\" rel=\"noopener\">d\u00e9clin de l&rsquo;industrie fran\u00e7aise<\/a>. En 1973, l&rsquo;industrie comportait 5.7 millions d&#8217;emplois contre 3.1 millions en 2017. Sur le plateau du journal de 20 heures, Fran\u00e7ois Lenglet nous apporte quelques explications : \u00ab\u00a0<em>La mont\u00e9e des co\u00fbts dans les pays d\u00e9velopp\u00e9s a provoqu\u00e9 des d\u00e9localisations massives dans les ann\u00e9es 1980. Nos usines ont \u00e9t\u00e9 aimant\u00e9es par les pays \u00e0 faibles salaires comme la Chine ou les pays d&rsquo;Europe du sud. Mais il y a des facteurs propres \u00e0 l&rsquo;industrie fran\u00e7aise. La d\u00e9t\u00e9rioration g\u00e9n\u00e9rale de la comp\u00e9titivit\u00e9 fran\u00e7aise ou encore une mauvaise sp\u00e9cialisation dans le milieu de gamme. Pendant longtemps, les voitures de Peugeot ou de Renaud ont \u00e9t\u00e9 trop ch\u00e8res pour les amateurs de low-cost et de qualit\u00e9 insuffisante pour convaincre la client\u00e8le qui veut du haut de gamme<\/em>\u00a0\u00bb pr\u00e9cise le journaliste.<\/p>\n<p class=\"subheader\"><strong>Le combat n&rsquo;est pas perdu<\/strong><\/p>\n<p>La France ne peut pourtant pas se passer d&rsquo;industrie. Fran\u00e7ois Lenglet ajoute \u00ab\u00a0<em>Nous avons besoin de l&rsquo;industrie pour aiguiller l&rsquo;innovation, pour la comp\u00e9titivit\u00e9, pour le dynamisme de l&rsquo;\u00e9conomie. C&rsquo;est un combat qui n&rsquo;est pas perdu : l&#8217;emploi industriel montre des signes de stabilisation depuis quelques mois. Quant \u00e0 l&rsquo;industrie automobile, elle est parvenue \u00e0 r\u00e9industrialiser, \u00e0 faire augmenter la production de v\u00e9hicules en France<\/em>\u00a0\u00bb conclut-il.<\/p>\n<h4>Vid\u00e9o 3 :\u00a0Industrie : le renouveau des usines<\/h4>\n<p><iframe loading=\"lazy\" width=\"656\" height=\"369\" src=\"https:\/\/www.youtube.com\/embed\/WyDS2ydbgOQ?feature=oembed\" frameborder=\"0\" allowfullscreen><\/iframe><\/p>\n<h3><strong>Certaines industries parviennent \u00e0 rester en France, elles ont su s&rsquo;adapter en modernisant leurs usines. Voici \u00e0 quoi ressemblent les usines de demain.<\/strong><\/h3>\n<p>Robots, tests en trois dimensions, lunettes connect\u00e9es, pour continuer \u00e0 produire en France certaines usines parient sur les nouvelles technologies. Sur ce site d&rsquo;assemblage de moteurs d&rsquo;avion, un petit nouveau se balade au milieu des ouvriers. Sur le dos de ce robot, une pi\u00e8ce de plusieurs tonnes. Depuis quatre mois, toute la chaine a \u00e9t\u00e9 repens\u00e9e. Ce n&rsquo;est plus l&rsquo;ouvrier qui se d\u00e9place, mais le moteur qui vient \u00e0 lui et se met \u00e0 hauteur d&rsquo;homme.<\/p>\n<p class=\"subheader\"><strong>Augmenter les cadences<\/strong><\/p>\n<p>\u00ab\u00a0Avec l&rsquo;ancien processus, on \u00e9tait sur un cycle de montage de 11 \u00e9quipes, maintenant cela nous permet de descendre \u00e0 neuf \u00e9quipes\u00a0\u00bb, explique Fran\u00e7ois Viviande, responsable du support. Pour gagner en efficacit\u00e9, les postes de montage sont bard\u00e9s d&rsquo;\u00e9crans. Chaque ouvrier s&rsquo;y r\u00e9f\u00e8re \u00e0 tout instant. De quoi se simplifier le travail et augmenter les cadences. Le site produit aujourd&rsquo;hui 500 moteurs par an, il en faudra quatre fois plus en 2020.<\/p>\n","protected":false},"excerpt":{"rendered":"<p>Extraits du 20H de France 2 du 14\/09\/2017 Vid\u00e9o 1 : Dreux : la d\u00e9sindustrialisation, une fatalit\u00e9 ? L&rsquo;usine Philips de Dreux (Eure-et-Loir) c&rsquo;est plus de 30 hectares d&rsquo;ateliers. La derni\u00e8re en France o\u00f9 des t\u00e9l\u00e9viseurs \u00e9taient fabriqu\u00e9s. En 2010, c&rsquo;est la fermeture. La production est d\u00e9localis\u00e9e, pr\u00e8s de 700 emplois sont supprim\u00e9s. \u00ab\u00a0Lorsque l&rsquo;on [&hellip;]<\/p>\n","protected":false},"author":1,"featured_media":0,"comment_status":"open","ping_status":"open","sticky":false,"template":"","format":"standard","meta":{"footnotes":""},"categories":[1],"tags":[6,5,4,3],"_links":{"self":[{"href":"http:\/\/ses-lfz.ch\/sesnet\/wp-json\/wp\/v2\/posts\/378"}],"collection":[{"href":"http:\/\/ses-lfz.ch\/sesnet\/wp-json\/wp\/v2\/posts"}],"about":[{"href":"http:\/\/ses-lfz.ch\/sesnet\/wp-json\/wp\/v2\/types\/post"}],"author":[{"embeddable":true,"href":"http:\/\/ses-lfz.ch\/sesnet\/wp-json\/wp\/v2\/users\/1"}],"replies":[{"embeddable":true,"href":"http:\/\/ses-lfz.ch\/sesnet\/wp-json\/wp\/v2\/comments?post=378"}],"version-history":[{"count":7,"href":"http:\/\/ses-lfz.ch\/sesnet\/wp-json\/wp\/v2\/posts\/378\/revisions"}],"predecessor-version":[{"id":398,"href":"http:\/\/ses-lfz.ch\/sesnet\/wp-json\/wp\/v2\/posts\/378\/revisions\/398"}],"wp:attachment":[{"href":"http:\/\/ses-lfz.ch\/sesnet\/wp-json\/wp\/v2\/media?parent=378"}],"wp:term":[{"taxonomy":"category","embeddable":true,"href":"http:\/\/ses-lfz.ch\/sesnet\/wp-json\/wp\/v2\/categories?post=378"},{"taxonomy":"post_tag","embeddable":true,"href":"http:\/\/ses-lfz.ch\/sesnet\/wp-json\/wp\/v2\/tags?post=378"}],"curies":[{"name":"wp","href":"https:\/\/api.w.org\/{rel}","templated":true}]}}