{"id":487,"date":"2017-09-27T23:46:43","date_gmt":"2017-09-27T21:46:43","guid":{"rendered":"http:\/\/ses-lfz.ch\/sesnet\/?p=487"},"modified":"2017-09-28T00:22:55","modified_gmt":"2017-09-27T22:22:55","slug":"dossier-la-situation-economique-et-sociale-de-lallemagne","status":"publish","type":"post","link":"http:\/\/ses-lfz.ch\/sesnet\/dossier-la-situation-economique-et-sociale-de-lallemagne\/","title":{"rendered":"Dossier : La situation \u00e9conomique et sociale de l&rsquo;Allemagne"},"content":{"rendered":"<p>A l&rsquo;occasion des \u00e9lections l\u00e9gislatives allemande du 24 septembre 2017 quelques points de vue sur la situation \u00e9conomique et sociale de l&rsquo;Allemagne<\/p>\n<p class=\"cover-portrait-actions-title\"><strong>\u00c9mission de France Inter\u00a0 \u00ab\u00a0On n&rsquo;arr\u00eate pas l&rsquo;\u00e9co\u00a0\u00bb du samedi 23\/09\/2017<\/strong><\/p>\n<article class=\"content-body\">\n<p class=\"chapo\">L&rsquo;actualit\u00e9 \u00e9conomique analys\u00e9e par Christian Chavagneux (Alternatives \u00e9conomiques) et Emmanuel Lechypre (BFM Business). Invit\u00e9e sp\u00e9ciale : l&rsquo;\u00e9conomiste Odile Chagny.<\/p>\n<figure class=\"rich-visual\"><img decoding=\"async\" loading=\"lazy\" class=\"dejavu b-loaded\" src=\"https:\/\/www.franceinter.fr\/s3\/cruiser-production\/2017\/09\/f59a8d87-3ca7-44d8-a3da-af8eeebf92c8\/640_043_dpa-pa_170921-99-149500_dpai.jpg\" alt=\"Angela Merkel sera-t-elle r\u00e9\u00e9lu Chanceli\u00e8re f\u00e9d\u00e9rale d'Allemagne ?\" width=\"640\" height=\"385\" \/><\/figure>\n<p>A la veille des \u00e9lections f\u00e9d\u00e9rales en Allemagne, On n&rsquo;arr\u00eate pas l&rsquo;\u00e9co vous propose une \u00e9dition sp\u00e9ciale de d\u00e9cryptage du mod\u00e8le \u00e9conomique allemand et se pose la question fatidique : <strong>faut-il le copier ?<\/strong><\/p>\n<p>Avec nous pour en parler, l&rsquo;\u00e9conomiste et sp\u00e9cialiste de l&rsquo;Allemagne <strong>Odile Chagny<\/strong>, co-auteure de \u00ab\u00a0Faut-il suivre le mod\u00e8le allemand\u00a0\u00bb (La documentation fran\u00e7aise &#8211; avec Sabine le Bayon et Eric Blot).<\/p>\n<p>Ce grand d\u00e9bat s&rsquo;articulera autour de cinq axes :<\/p>\n<ul>\n<li>Exc\u00e9dents budg\u00e9taires, plein-emploi, croissance : Les Allemands sont contents de leur \u00e9conomie et si l&rsquo;on en croit les sondages, ne veulent pas de grand changement. <strong>Vrai ou faux ?<\/strong><\/li>\n<li>L&rsquo;homme malade est gu\u00e9ri parce qu&rsquo;il a courageusement bu la potion am\u00e8re (r\u00e9formes Hartz). <strong>Vrai ou faux ?<\/strong><\/li>\n<li>Les entreprises allemandes sont meilleures parce qu&rsquo;elles travaillent en bonne intelligence avec les syndicats. <strong>Vrai ou faux ?<\/strong><\/li>\n<li>Le plus grand probl\u00e8me de l&rsquo;Allemagne, c&rsquo;est la d\u00e9mographie. <strong>Vrai ou faux ?<\/strong><\/li>\n<li>L&rsquo;Allemagne s&rsquo;astreint \u00e0 l&rsquo;ordre et \u00e0 la rigueur. C&rsquo;est pourquoi pour l&rsquo;Europe, elle veut des \u00e9conomies avec z\u00e9ro d\u00e9ficit et le respect des r\u00e8gles budg\u00e9taires. <strong>Vrai ou faux ?<\/strong><\/li>\n<\/ul>\n<p>&nbsp;<\/p>\n<!--[if lt IE 9]><script>document.createElement('audio');<\/script><![endif]-->\n<audio class=\"wp-audio-shortcode\" id=\"audio-487-1\" preload=\"none\" style=\"width: 100%;\" controls=\"controls\"><source type=\"audio\/mpeg\" src=\"http:\/\/ses-lfz.ch\/sesnet\/wp-content\/uploads\/2017\/09\/15416-23.09.2017-ITEMA_21443621-0-faut-il-suivre-le-mod\u00e8le-allemand.mp3?_=1\" \/><a href=\"http:\/\/ses-lfz.ch\/sesnet\/wp-content\/uploads\/2017\/09\/15416-23.09.2017-ITEMA_21443621-0-faut-il-suivre-le-mod\u00e8le-allemand.mp3\">http:\/\/ses-lfz.ch\/sesnet\/wp-content\/uploads\/2017\/09\/15416-23.09.2017-ITEMA_21443621-0-faut-il-suivre-le-mod\u00e8le-allemand.mp3<\/a><\/audio>\n<p>&nbsp;<\/p>\n<p>&nbsp;<\/p>\n<\/article>\n<p><strong><span class=\"title\">Vid\u00e9o 1 : Allemagne : les recettes gagnantes d\u2019Angela Merkel en mati\u00e8re d&rsquo;\u00e9conomie<\/span><\/strong><\/p>\n<p>60 millions d\u2019\u00e9lecteurs sont appel\u00e9s dimanche aux urnes pour les \u00e9lections l\u00e9gislatives en Allemagne. Les d\u00e9put\u00e9s devront ensuite nommer leur chancelier, tandis qu\u2019Angela Merkel brigue un 4e mandat cons\u00e9cutif \u00e0 ce poste. Depuis son arriv\u00e9e au pouvoir, y-a-t-il eu un \u00ab\u00a0miracle \u00e9conomique\u00a0\u00bb en Allemagne ? \u00c9l\u00e9ments de r\u00e9ponse.<\/p>\n<p>Source : journal de 20 heures de TF1 du samedi 24\/09\/2017<\/p>\n<p><iframe loading=\"lazy\" width=\"656\" height=\"369\" src=\"https:\/\/www.youtube.com\/embed\/aGjrPzptAcU?feature=oembed\" frameborder=\"0\" allowfullscreen><\/iframe><\/p>\n<p>&nbsp;<\/p>\n<p><strong>Vid\u00e9o 2 : Allemagne : le bilan d&rsquo;Angela Merkel, atouts et travers en temps d&rsquo;\u00e9lections<\/strong><\/p>\n<p>Le 24 septembre, les Allemands se rendront aux urnes pour choisir leur chancelier. <a href=\"http:\/\/www.francetvinfo.fr\/monde\/europe\/allemagne\/legislatives-en-allemagne-angela-merkel-sort-gagnante-du-seul-debat-televise-face-a-martin-schulz_2355691.html\" target=\"_blank\" rel=\"noopener\">Angela Merkel<\/a> est-elle toujours en t\u00eate des intentions de vote ?<em> \u00ab\u00a0Elle dispose d&rsquo;une confortable avance dans les sondages : 13 points de plus que son adversaire social-d\u00e9mocrate Martin Schulz. On voit mal comment la victoire pourrait lui \u00e9chapper dimanche prochain. Angela Merkel, dont l&rsquo;essentiel de la campagne consiste \u00e0 d\u00e9fendre son bilan. Et le bilan est plut\u00f4t bon : l&rsquo;\u00e9conomie va bien, la croissance est soutenue, le ch\u00f4mage n&rsquo;a jamais \u00e9t\u00e9 aussi bas et les Allemands sont une majorit\u00e9 \u00e0 \u00eatre satisfaits de leur situation\u00a0\u00bb,<\/em> analyse Amaury Guibert.<\/p>\n<p class=\"subheader\">Les d\u00e9fauts de la rigueur budg\u00e9taire<\/p>\n<p>Mais l&rsquo;autre visage d&rsquo;une Allemagne en pleine r\u00e9ussite \u00e9conomique, c&rsquo;est la v\u00e9tust\u00e9 de nombreuses infrastructures. Selon de nombreux professionnels, notamment dans le secteur des transports, cette situation est indigne de la premi\u00e8re puissance \u00e9conomique d&rsquo;Europe. L&rsquo;Allemagne d\u00e9couvre le prix de la rigueur budg\u00e9taire et du manque d&rsquo;investissements publics. La moiti\u00e9 des ponts et 40% des routes n\u00e9cessitent aujourd&rsquo;hui des travaux en urgence.<\/p>\n<p>Source : journal de 20 heures de France 2 du dimanche 17\/09\/2017<\/p>\n<p><iframe loading=\"lazy\" width=\"656\" height=\"369\" src=\"https:\/\/www.youtube.com\/embed\/odbHBrpP2zA?feature=oembed\" frameborder=\"0\" allowfullscreen><\/iframe><\/p>\n<p>&nbsp;<\/p>\n<p><strong>Vid\u00e9o 3 : Allemagne : la col\u00e8re des retrait\u00e9s<\/strong><\/p>\n<p>En Allemagne, la col\u00e8re des retrait\u00e9s prend de l&rsquo;ampleur. Pr\u00e8s de 1 million d&rsquo;entre eux sont aujourd\u2019hui contraints de travailler faute de pension suffisante. Le sujet resurgit en pleine campagne des l\u00e9gislatives.<\/p>\n<p>Dans les cuisines d&rsquo;un h\u00f4tel berlinois, il va de poste en poste, pour pr\u00e9parer des l\u00e9gumes, faire la plonge. Dieter Schiemann travaille dur malgr\u00e9 ses 73 ans. Il est <a href=\"http:\/\/www.francetvinfo.fr\/economie\/retraite\/reforme-des-retraites\/retraites-notre-systeme-fonctionne-tres-bien_2247041.html\">retrait\u00e9,<\/a> mais doit continuer \u00e0 travailler pour compl\u00e9ter sa petite pension : 870 euros par mois.<\/p>\n<p><strong>Une vie de labeur au lieu d&rsquo;une retraite bien m\u00e9rit\u00e9e<\/strong><\/p>\n<p><em>\u00ab\u00a0Il faut que je me serre la ceinture. Il ne me reste plus grand-chose apr\u00e8s toutes ces charges que je dois payer avec ma petite retraite, le loyer, l&rsquo;\u00e9lectricit\u00e9, etc.\u00a0\u00bb<\/em> explique Dieter Schiemann. Il a d\u00e9croch\u00e9 un mini job, un contrat pr\u00e9caire de 40 heures par mois pour 450 euros. En fonction des besoins de l&rsquo;h\u00f4tel, \u00e7a peut-\u00eatre plus ou moins. Une vie de labeur au lieu d&rsquo;une retraite bien m\u00e9rit\u00e9e. M\u00eame son chef trouve la situation anormale. Dieter Schiemann n&rsquo;est pas une exception. En Allemagne, la retraite moyenne s&rsquo;\u00e9l\u00e8ve \u00e0 1 100 euros, mais c&rsquo;est souvent beaucoup moins. Pr\u00e8s d&rsquo;un million de retrait\u00e9s sont oblig\u00e9s de travailler, plus 30% depuis 2005.<\/p>\n<p>Source : journal de 20 heures de France 2 du mercredi 30\/08\/2017<\/p>\n<p><iframe loading=\"lazy\" width=\"656\" height=\"369\" src=\"https:\/\/www.youtube.com\/embed\/Xv-HWaZ9Wco?feature=oembed\" frameborder=\"0\" allowfullscreen><\/iframe><\/p>\n<p>&nbsp;<\/p>\n<p><strong>Vid\u00e9o 4 :<\/strong> <strong>Flexibilit\u00e9 de l&#8217;emploi : les perdants du mod\u00e8le allemand<\/strong><\/p>\n<p><strong>La r\u00e9forme du Code du travail est en partie inspir\u00e9e de la r\u00e9forme allemande du milieu des ann\u00e9es 2000. C&rsquo;est \u00e0 cette \u00e9poque qu&rsquo;ont \u00e9t\u00e9 cr\u00e9\u00e9s les mini-jobs pour favoriser le retour des ch\u00f4meurs vers l&#8217;emploi.<\/strong><\/p>\n<p>2,5 millions de <a href=\"http:\/\/www.francetvinfo.fr\/economie\/emploi\/reforme-du-code-du-travail\/video-espagne-sur-la-piste-allemande_2368781.html\">travailleurs allemands<\/a> ont des emplois \u00e0 temps partiel de type \u00ab\u00a0mini-jobs\u00a0\u00bb et doivent souvent les cumuler pour gagner leur vie. Il est 3h du matin et Andrea Mayereder commence d\u00e9j\u00e0 sa journ\u00e9e de travail. \u00c0 Munich, elle distribue des journaux. Pour cela, elle gagne 8,84 euros de l&rsquo;heure. Pour elle comme pour d&rsquo;autres, ce type d&#8217;emploi est bien souvent un compl\u00e9ment de salaire. Les emplois principaux ne suffisent parfois pas. Son deuxi\u00e8me travail, c&rsquo;est assistante dans un cabinet m\u00e9dical. Deux jours par semaine, elle travaille comme caissi\u00e8re dans un magasin de fruits et l\u00e9gumes, un troisi\u00e8me emploi.<\/p>\n<p><strong>Les pr\u00e9caires, ces oubli\u00e9s de la croissance<\/strong><\/p>\n<p>Depuis 2005, le nombre de mini-jobs a augment\u00e9 de 6% en Allemagne. On les retrouve surtout dans le commerce, les services d&rsquo;entretien et l&rsquo;h\u00f4tellerie-restauration. Pour les employeurs, les avantages sont nombreux : des charges patronales r\u00e9duites et des souplesses sur le temps de travail. Les mini-jobs auraient fluidifi\u00e9 et dynamis\u00e9 l&#8217;emploi en Allemagne selon certains. Mais des sp\u00e9cialistes pensent que ce ne sont pas ces contrats qui ont permis de relancer l&rsquo;activit\u00e9 et faire baisser le ch\u00f4mage. Deux Allemagnes cohabitent : celle qui r\u00e9ussit avec des contrats \u00e0 temps plein, et celle des mini-jobs, des pr\u00e9caires.<\/p>\n<p>Source : journal de 20 heures de France 2 du lundi 18\/09\/2017<\/p>\n<p><iframe loading=\"lazy\" width=\"656\" height=\"369\" src=\"https:\/\/www.youtube.com\/embed\/T49UAQD7pGQ?feature=oembed\" frameborder=\"0\" allowfullscreen><\/iframe><\/p>\n<p>&nbsp;<\/p>\n<p>&nbsp;<\/p>\n<p>&nbsp;<\/p>\n","protected":false},"excerpt":{"rendered":"<p>A l&rsquo;occasion des \u00e9lections l\u00e9gislatives allemande du 24 septembre 2017 quelques points de vue sur la situation \u00e9conomique et sociale de l&rsquo;Allemagne \u00c9mission de France Inter\u00a0 \u00ab\u00a0On n&rsquo;arr\u00eate pas l&rsquo;\u00e9co\u00a0\u00bb du samedi 23\/09\/2017 L&rsquo;actualit\u00e9 \u00e9conomique analys\u00e9e par Christian Chavagneux (Alternatives \u00e9conomiques) et Emmanuel Lechypre (BFM Business). Invit\u00e9e sp\u00e9ciale : l&rsquo;\u00e9conomiste Odile Chagny. A la veille [&hellip;]<\/p>\n","protected":false},"author":1,"featured_media":0,"comment_status":"open","ping_status":"open","sticky":false,"template":"","format":"standard","meta":{"footnotes":""},"categories":[1],"tags":[],"_links":{"self":[{"href":"http:\/\/ses-lfz.ch\/sesnet\/wp-json\/wp\/v2\/posts\/487"}],"collection":[{"href":"http:\/\/ses-lfz.ch\/sesnet\/wp-json\/wp\/v2\/posts"}],"about":[{"href":"http:\/\/ses-lfz.ch\/sesnet\/wp-json\/wp\/v2\/types\/post"}],"author":[{"embeddable":true,"href":"http:\/\/ses-lfz.ch\/sesnet\/wp-json\/wp\/v2\/users\/1"}],"replies":[{"embeddable":true,"href":"http:\/\/ses-lfz.ch\/sesnet\/wp-json\/wp\/v2\/comments?post=487"}],"version-history":[{"count":6,"href":"http:\/\/ses-lfz.ch\/sesnet\/wp-json\/wp\/v2\/posts\/487\/revisions"}],"predecessor-version":[{"id":506,"href":"http:\/\/ses-lfz.ch\/sesnet\/wp-json\/wp\/v2\/posts\/487\/revisions\/506"}],"wp:attachment":[{"href":"http:\/\/ses-lfz.ch\/sesnet\/wp-json\/wp\/v2\/media?parent=487"}],"wp:term":[{"taxonomy":"category","embeddable":true,"href":"http:\/\/ses-lfz.ch\/sesnet\/wp-json\/wp\/v2\/categories?post=487"},{"taxonomy":"post_tag","embeddable":true,"href":"http:\/\/ses-lfz.ch\/sesnet\/wp-json\/wp\/v2\/tags?post=487"}],"curies":[{"name":"wp","href":"https:\/\/api.w.org\/{rel}","templated":true}]}}