{"id":659,"date":"2017-11-08T00:59:14","date_gmt":"2017-11-07T23:59:14","guid":{"rendered":"http:\/\/ses-lfz.ch\/sesnet\/?p=659"},"modified":"2018-02-06T09:36:25","modified_gmt":"2018-02-06T08:36:25","slug":"etats-unis-la-menace-dune-taxe-protectionniste","status":"publish","type":"post","link":"http:\/\/ses-lfz.ch\/sesnet\/etats-unis-la-menace-dune-taxe-protectionniste\/","title":{"rendered":"\u00c9tats-Unis : la menace d&rsquo;une taxe protectionniste"},"content":{"rendered":"<p><img decoding=\"async\" src=\"https:\/\/www.lesechos.fr\/medias\/2017\/11\/06\/2127303_le-nouveau-projet-americain-de-taxe-aux-frontieres-qui-inquiete-les-entreprises-francaises-web-tete-030823277033_1000x533.jpg\" alt=\"https:\/\/www.lesechos.fr\/medias\/2017\/11\/06\/2127303_le-nouveau-projet-americain-de-taxe-aux-frontieres-qui-inquiete-les-entreprises-francaises-web-tete-030823277033_1000x533.jpg\" \/><\/p>\n<h2>Coup bas des \u00c9tats unis aux entreprises fran\u00e7aises et europ\u00e9ennes, le Congr\u00e8s am\u00e9ricain s&rsquo;appr\u00eate \u00e0 instaurer une taxe de 20% aux fronti\u00e8res sur les produits fabriqu\u00e9s \u00e0 l&rsquo;\u00e9tranger.<\/h2>\n<p>Les \u00c9tats-Unis d\u00e9clarent la guerre aux entreprises \u00e9trang\u00e8res. Un projet de loi veut les surtaxer de 20% pour favoriser le \u00ab\u00a0Made in USA\u00a0\u00bb. Une politique protectionniste revendiqu\u00e9e par <a href=\"http:\/\/www.francetvinfo.fr\/monde\/usa\/presidentielle\/donald-trump\/video-en-visite-au-japon-trump-s-impatiente-et-verse-une-boite-entiere-de-nourriture-a-des-carpes_2454286.html\" target=\"_blank\" rel=\"noopener\">Donald Trump<\/a>. \u00ab\u00a0<em>Des emplois vont \u00eatre cr\u00e9\u00e9s, et beaucoup d&rsquo;entreprises vont rapatrier leur production chez nous<\/em>\u00ab\u00a0, explique le pr\u00e9sident des \u00c9tats-Unis.<\/p>\n<h2 class=\"subheader\">Une surtaxe qui inqui\u00e8te les grandes entreprises fran\u00e7aises<\/h2>\n<p>Concr\u00e8tement, toutes les entreprises \u00e9trang\u00e8res qui ont une filiale aux \u00c9tats-Unis paieront une surtaxe si elles ne fabriquent pas leurs produits aux USA. Tous les secteurs sont concern\u00e9s : la mode, le luxe, la pharmacie, les voitures ou encore les vins et spiritueux. Une surtaxe qui inqui\u00e8te les grandes entreprises fran\u00e7aises. \u00ab\u00a0<em>Les \u00c9tats-Unis sont le march\u00e9 principal pour beaucoup de grands groupes. Aucun ne peut se permettre de supporter une taxe de 20%\u00a0\u00bb<\/em>, a communiqu\u00e9 l&rsquo;association fran\u00e7aise des entreprises priv\u00e9es dans Les Echos.<\/p>\n<p><iframe loading=\"lazy\" src=\"https:\/\/www.youtube.com\/embed\/rCwecRJHLIY\" width=\"560\" height=\"315\" frameborder=\"0\" allowfullscreen=\"allowfullscreen\"><\/iframe><\/p>\n<p>&nbsp;<\/p>\n<h2>\u00c9tats unis : \u00ab\u00a0Les Am\u00e9ricains sont en train de pr\u00e9parer une v\u00e9ritable guerre fiscale\u00a0\u00bb<\/h2>\n<p><a href=\"http:\/\/www.francetvinfo.fr\/monde\/usa\/presidentielle\/donald-trump\/etats-unis-la-menace-d-une-taxe-protectionniste_2455196.html\" target=\"_blank\" rel=\"noopener\">La taxe de 20%<\/a>\u00a0que les \u00c9tats-Unis projettent d&rsquo;appliquer aux entreprises \u00e9trang\u00e8res est r\u00e9volutionnaire. \u00ab\u00a0<em>C&rsquo;est une mesure ouvertement et d\u00e9lib\u00e9r\u00e9ment protectionniste. Ce qui rompt avec 30 ans de pratiques commerciales dans le commerce mondial. Cette affaire n&rsquo;est qu&rsquo;une partie d&rsquo;une vaste r\u00e9forme fiscale concoct\u00e9e en ce moment par les R\u00e9publicains et qui est destin\u00e9e \u00e0 siphonner les entreprises du monde entier et leurs emplois pour les installer sur le sol am\u00e9ricain. Les Am\u00e9ricains sont en train de pr\u00e9parer une v\u00e9ritable guerre fiscale<\/em>\u00ab\u00a0, explique Fran\u00e7ois Lenglet.<\/p>\n<h3 class=\"subheader\">Des nationalismes \u00e9conomiques<\/h3>\n<p>Mais que peut faire l&rsquo;Europe pour se d\u00e9fendre ? \u00ab\u00a0<em>Il faudrait que l&rsquo;Europe r\u00e9gisse, mais c&rsquo;est malheureusement peu probable. D&rsquo;abord parce que, en cette mati\u00e8re commerciale, les Europ\u00e9ens sont tr\u00e8s souvent divis\u00e9s. Ils n&rsquo;ont pas les m\u00eames int\u00e9r\u00eats. Ensuite parce que l&rsquo;Europe rechigne toujours \u00e0 prendre des mesures protectionnistes, m\u00eame en cas de r\u00e9torsion, parce qu&rsquo;elle s&rsquo;est construite sur le refus de discriminer l&rsquo;\u00e9tranger. Au fond, l&rsquo;Europe d\u00e9teste les fronti\u00e8res. (&#8230;) Nous restons un peu na\u00effs, nous refusons de voir que les refusons de voir que les nationalismes \u00e9conomiques s&rsquo;expriment d\u00e9sormais<\/em>\u00ab\u00a0, analyse le journaliste.<\/p>\n<p><iframe loading=\"lazy\" src=\"https:\/\/www.youtube.com\/embed\/XVqy_RrS0QI\" width=\"560\" height=\"315\" frameborder=\"0\" allowfullscreen=\"allowfullscreen\"><\/iframe><\/p>\n<p>Source : 20 Heures France 2 06\/11\/2017<\/p>\n<h1 class=\"title-article\">Le nouveau projet am\u00e9ricain de taxe aux fronti\u00e8res qui inqui\u00e8te les entreprises fran\u00e7aises<\/h1>\n<p><a href=\"http:\/\/www.lesechos.fr\/monde\/etats-unis\/030822681872-aux-etats-unis-le-nouveau-projet-de-taxe-aux-frontieres-qui-inquiete-les-entreprises-2127303.php\">Source : Lesechos.fr Elsa Conesa le 03\/11\/2017<\/a><\/p>\n<p>finances de la Chambre des repr\u00e9sentants, comporte une disposition qui inqui\u00e8te les entreprises \u00e9trang\u00e8res, comme les multinationales am\u00e9ricaines. &#8211; AFP<\/p>\n<p><strong>Le projet de r\u00e9forme fiscale am\u00e9ricain introduit une taxe de 20% sur les biens produits \u00e0 l&rsquo;\u00e9tranger qui pourrait p\u00e9naliser les grands groupes fran\u00e7ais.<\/strong><\/p>\n<p><em>\u00ab\u00a0C&rsquo;est le grand retour de la taxe aux fronti\u00e8res\u00a0!\u00a0\u00bb,<\/em> s&rsquo;alarme un fiscaliste fran\u00e7ais bas\u00e9 aux Etats-Unis. Si le projet de r\u00e9forme fiscale\u00a0 <a href=\"https:\/\/www.lesechos.fr\/monde\/etats-unis\/030818087736-le-congres-donne-le-coup-denvoi-a-la-reforme-fiscale-2127009.php\">pr\u00e9sent\u00e9 jeudi par les \u00e9lus de la Chambre<\/a> des repr\u00e9sentants a \u00e9t\u00e9 largement salu\u00e9 par les f\u00e9d\u00e9rations patronales, ravies de voir le taux d&rsquo;imp\u00f4t sur les soci\u00e9t\u00e9s ramen\u00e9 de 35 \u00e0 20\u00a0%, il inqui\u00e8te vivement les groupes \u00e9trangers pr\u00e9sents aux Etats-Unis, ainsi que certaines\u00a0multinationales. Le texte comporte en effet une disposition impr\u00e9vue, qui rappelle \u00e9trangement la \u00ab\u00a0Border Adjustment Tax\u00a0\u00bb (BAT)\u00a0 <a href=\"https:\/\/www.lesechos.fr\/15\/03\/2017\/LesEchos\/22404-007-ECH_ce-projet-de-taxe-americain-qui-affole-les-groupes-francais.htm\">tant redout\u00e9e par les entreprises fran\u00e7aises,<\/a> et qui fut\u00a0 <a href=\"https:\/\/www.lesechos.fr\/28\/07\/2017\/lesechos.fr\/030470448457_etats-unis---les-republicains-enterrent-le-projet-controverse-de-taxe-aux-frontieres.htm\">enterr\u00e9e au coeur de l&rsquo;\u00e9t\u00e9<\/a> .<\/p>\n<p>Cette fois, il ne s&rsquo;agit pas de taxer toutes les importations, mais seulement les flux entre diff\u00e9rentes entit\u00e9s d&rsquo;un m\u00eame groupe pr\u00e9sent aux Etats-Unis, pour d\u00e9courager l&rsquo;importation de produits fabriqu\u00e9s \u00e0 l&rsquo;\u00e9tranger.\u00a0Le texte, qui s&rsquo;applique indiff\u00e9remment aux entreprises \u00e9trang\u00e8res et am\u00e9ricaines, imagine un \u00ab\u00a0droit d&rsquo;accise\u00a0\u00bb de 20\u00a0% qui s&rsquo;appliquerait sur les paiements de biens, de services et m\u00eames de redevances entre diff\u00e9rentes entit\u00e9s d&rsquo;un m\u00eame groupe bas\u00e9 aux Etats-Unis. Une entreprise fran\u00e7aise vendant aux Etats-Unis des biens fabriqu\u00e9s en Europe, par exemple des produits de luxe ou des spiritueux, sera ainsi directement touch\u00e9e.\u00a0\u00ab<em>Les entreprises fran\u00e7aises sont tr\u00e8s inqui\u00e8tes<\/em>, admet-on \u00e0 l&rsquo;AFEP, qui esp\u00e8re mobiliser les pouvoirs publics fran\u00e7ais.\u00a0<em>Les Etats-Unis sont le march\u00e9 principal pour beaucoup de grands groupes. Aucun ne peut se permettre de supporter une taxe de 20% face \u00e0 des concurrents am\u00e9ricains qui ne seront pas tax\u00e9s. Le risque c&rsquo;est que certaines activit\u00e9s soient d\u00e9plac\u00e9es aux Etats-Unis \u00bb<\/em><\/p>\n<p>Les entreprises am\u00e9ricaines qui ont des filiales \u00e0 l&rsquo;\u00e9tranger sont elles aussi concern\u00e9es, d\u00e8s lorsqu&rsquo;elles ne sous traitent pas. C&rsquo;est ainsi &#8211; th\u00e9oriquement &#8211; le cas des constructeurs auto qui produisent au Mexique, ou des groupes de pr\u00eat-\u00e0-porter qui ont des usines en Chine. Autre cible explicitement vis\u00e9e : les multinationales engag\u00e9es dans des op\u00e9rations <a href=\"https:\/\/www.lesechos.fr\/10\/08\/2015\/LesEchos\/21997-067-ECH_etats-unis---deux-operations-relancent-le-debat-sur-les-delocalisations-fiscales.htm\">d&rsquo;inversion fiscale<\/a> , rachetant des entreprises \u00e9trang\u00e8res pour d\u00e9localiser leurs si\u00e8ges sociaux dans des Etats \u00e0 moindre pression fiscale.<\/p>\n<p>Pour les \u00e9lus am\u00e9ricains, l&rsquo;objectif de la mesure est double. Il s&rsquo;agit \u00e0 la fois d&rsquo;\u00e9viter qu&rsquo;en achetant des biens produits \u00e0 l&rsquo;\u00e9tranger par ses filiales, un groupe ne puisse r\u00e9duire ses profits taxables aux Etats-Unis. Surtout, la mesure entend d\u00e9courager les entreprises de d\u00e9placer leur production hors du pays. \u00ab<em>\u00a0La loi actuelle encourage et subventionne le d\u00e9placement des emplois am\u00e9ricains \u00e0 l&rsquo;\u00e9tranger\u00a0\u00bb,<\/em> explique la proposition de loi.<\/p>\n<p><strong>Taxe sur les consommateurs<\/strong><\/p>\n<p>D\u00e8s jeudi soir, les r\u00e9actions ont fus\u00e9. Les organisations repr\u00e9sentant les groupes \u00e9trangers aux Etats-Unis, comme\u00a0 <a href=\"http:\/\/www.ofii.org\/about\/membership-list\">l&rsquo;Organisation pour l&rsquo;investissement international (OFII)<\/a> ont alert\u00e9 leurs membres. Mais des lobbys am\u00e9ricains, comme \u00ab\u00a0Americans for Prosperity\u00a0\u00bb, une organisation financ\u00e9e par les fr\u00e8res Koch, puissants industriels, a elle aussi\u00a0 <a href=\"https:\/\/americansforprosperity.org\/afp-ways-means-good-progress-tax-reform-keep-improving\/\">imm\u00e9diatement d\u00e9nonc\u00e9 la proposition<\/a> . L&rsquo;organisation n&rsquo;a pas h\u00e9sit\u00e9 \u00e0 comparer la mesure \u00e0 la \u00ab\u00a0BAT\u00a0\u00bb, estimant qu&rsquo;elle\u00a0ferait grimper les prix pour les consommateurs.\u00a0<em>\u00ab\u00a0Le probl\u00e8me est que cette taxe devient une taxe sur la consommation de produits courants\u00a0\u00bb<\/em>, a-t-elle r\u00e9agi d\u00e8s jeudi. Les multinationales \u00ab\u00a0<em>ne vont pas subitement se mettre \u00e0 construire des usines dans l&rsquo;Iowa,<\/em> abonde la fiscaliste Barbara Mantegani, pour qui la taxe\u00a0\u00ab<em>finira par peser sur les consommateurs \u00bb.<\/em><\/p>\n<p>Kevin Brady, le pr\u00e9sident de la commission des finances de la Chambre des repr\u00e9sentants, a toutefois laiss\u00e9 entendre que l&rsquo;id\u00e9e \u00e9tait ouverte \u00e0 discussion.\u00a0<em>\u00ab\u00a0C&rsquo;est l&rsquo;un des sujets sur lesquels nous attendons des retours, car c&rsquo;est une combinaison d&rsquo;id\u00e9es anciennes et nouvelles<\/em>\u00a0\u00bb, <a href=\"https:\/\/www.ft.com\/content\/23060b2c-c037-11e7-9836-b25f8adaa111\">a-t-il expliqu\u00e9<\/a> .\u00a0Cette \u00ab\u00a0excise tax\u00a0\u00bb rapporterait 155\u00a0milliards de dollars sur 10 ans. C&rsquo;est dix fois moins que la\u00a0\u00ab BAT\u00bb, mais les \u00e9lus pourraient toutefois avoir du mal \u00e0 s&rsquo;en passer pour boucler leur \u00e9quation budg\u00e9taire.<\/p>\n","protected":false},"excerpt":{"rendered":"<p>Coup bas des \u00c9tats unis aux entreprises fran\u00e7aises et europ\u00e9ennes, le Congr\u00e8s am\u00e9ricain s&rsquo;appr\u00eate \u00e0 instaurer une taxe de 20% aux fronti\u00e8res sur les produits fabriqu\u00e9s \u00e0 l&rsquo;\u00e9tranger. Les \u00c9tats-Unis d\u00e9clarent la guerre aux entreprises \u00e9trang\u00e8res. Un projet de loi veut les surtaxer de 20% pour favoriser le \u00ab\u00a0Made in USA\u00a0\u00bb. Une politique protectionniste revendiqu\u00e9e [&hellip;]<\/p>\n","protected":false},"author":1,"featured_media":936,"comment_status":"open","ping_status":"open","sticky":false,"template":"","format":"standard","meta":{"footnotes":""},"categories":[1],"tags":[],"_links":{"self":[{"href":"http:\/\/ses-lfz.ch\/sesnet\/wp-json\/wp\/v2\/posts\/659"}],"collection":[{"href":"http:\/\/ses-lfz.ch\/sesnet\/wp-json\/wp\/v2\/posts"}],"about":[{"href":"http:\/\/ses-lfz.ch\/sesnet\/wp-json\/wp\/v2\/types\/post"}],"author":[{"embeddable":true,"href":"http:\/\/ses-lfz.ch\/sesnet\/wp-json\/wp\/v2\/users\/1"}],"replies":[{"embeddable":true,"href":"http:\/\/ses-lfz.ch\/sesnet\/wp-json\/wp\/v2\/comments?post=659"}],"version-history":[{"count":5,"href":"http:\/\/ses-lfz.ch\/sesnet\/wp-json\/wp\/v2\/posts\/659\/revisions"}],"predecessor-version":[{"id":664,"href":"http:\/\/ses-lfz.ch\/sesnet\/wp-json\/wp\/v2\/posts\/659\/revisions\/664"}],"wp:featuredmedia":[{"embeddable":true,"href":"http:\/\/ses-lfz.ch\/sesnet\/wp-json\/wp\/v2\/media\/936"}],"wp:attachment":[{"href":"http:\/\/ses-lfz.ch\/sesnet\/wp-json\/wp\/v2\/media?parent=659"}],"wp:term":[{"taxonomy":"category","embeddable":true,"href":"http:\/\/ses-lfz.ch\/sesnet\/wp-json\/wp\/v2\/categories?post=659"},{"taxonomy":"post_tag","embeddable":true,"href":"http:\/\/ses-lfz.ch\/sesnet\/wp-json\/wp\/v2\/tags?post=659"}],"curies":[{"name":"wp","href":"https:\/\/api.w.org\/{rel}","templated":true}]}}