{"id":921,"date":"2018-02-05T23:52:18","date_gmt":"2018-02-05T22:52:18","guid":{"rendered":"http:\/\/ses-lfz.ch\/sesnet\/?p=921"},"modified":"2018-02-06T08:19:04","modified_gmt":"2018-02-06T07:19:04","slug":"le-tresor-de-la-bce","status":"publish","type":"post","link":"http:\/\/ses-lfz.ch\/sesnet\/le-tresor-de-la-bce\/","title":{"rendered":"Le tr\u00e9sor de la BCE"},"content":{"rendered":"<p><iframe loading=\"lazy\" width=\"100%\" height=\"300\" scrolling=\"no\" frameborder=\"no\" allow=\"autoplay\" src=\"https:\/\/w.soundcloud.com\/player\/?url=https%3A\/\/api.soundcloud.com\/tracks\/383936681&amp;color=%23ff5500&amp;auto_play=false&amp;hide_related=false&amp;show_comments=true&amp;show_user=true&amp;show_reposts=false&amp;show_teaser=true&amp;visual=true\"><\/iframe><\/p>\n<p>Guillaume Duval, \u00e9ditorialiste \u00e0 Alternatives Economiques, chroniqueur de l\u2019\u00e9mission \u00ab Entendez-vous l\u2019\u00e9co \u00bb sur France Culture, explique le changement de politique qu&rsquo;a op\u00e9r\u00e9 la Banque centrale europ\u00e9enne ces derni\u00e8res ann\u00e9es.<\/p>\n","protected":false},"excerpt":{"rendered":"<p>Guillaume Duval, \u00e9ditorialiste \u00e0 Alternatives Economiques, chroniqueur de l\u2019\u00e9mission \u00ab Entendez-vous l\u2019\u00e9co \u00bb sur France Culture, explique le changement de politique qu&rsquo;a op\u00e9r\u00e9 la Banque centrale europ\u00e9enne ces derni\u00e8res ann\u00e9es.<\/p>\n","protected":false},"author":1,"featured_media":928,"comment_status":"open","ping_status":"open","sticky":false,"template":"","format":"standard","meta":{"footnotes":""},"categories":[1],"tags":[],"_links":{"self":[{"href":"http:\/\/ses-lfz.ch\/sesnet\/wp-json\/wp\/v2\/posts\/921"}],"collection":[{"href":"http:\/\/ses-lfz.ch\/sesnet\/wp-json\/wp\/v2\/posts"}],"about":[{"href":"http:\/\/ses-lfz.ch\/sesnet\/wp-json\/wp\/v2\/types\/post"}],"author":[{"embeddable":true,"href":"http:\/\/ses-lfz.ch\/sesnet\/wp-json\/wp\/v2\/users\/1"}],"replies":[{"embeddable":true,"href":"http:\/\/ses-lfz.ch\/sesnet\/wp-json\/wp\/v2\/comments?post=921"}],"version-history":[{"count":2,"href":"http:\/\/ses-lfz.ch\/sesnet\/wp-json\/wp\/v2\/posts\/921\/revisions"}],"predecessor-version":[{"id":923,"href":"http:\/\/ses-lfz.ch\/sesnet\/wp-json\/wp\/v2\/posts\/921\/revisions\/923"}],"wp:featuredmedia":[{"embeddable":true,"href":"http:\/\/ses-lfz.ch\/sesnet\/wp-json\/wp\/v2\/media\/928"}],"wp:attachment":[{"href":"http:\/\/ses-lfz.ch\/sesnet\/wp-json\/wp\/v2\/media?parent=921"}],"wp:term":[{"taxonomy":"category","embeddable":true,"href":"http:\/\/ses-lfz.ch\/sesnet\/wp-json\/wp\/v2\/categories?post=921"},{"taxonomy":"post_tag","embeddable":true,"href":"http:\/\/ses-lfz.ch\/sesnet\/wp-json\/wp\/v2\/tags?post=921"}],"curies":[{"name":"wp","href":"https:\/\/api.w.org\/{rel}","templated":true}]}}